{"id":6044,"date":"2024-05-18T20:56:30","date_gmt":"2024-05-18T20:56:30","guid":{"rendered":"https:\/\/tvfloridausa.com\/inscreva-se\/2024\/05\/18\/apartamento-pega-fogo-no-rs-e-crianca-de-6-anos-e-resgatada-veja-video\/"},"modified":"2024-05-18T20:57:22","modified_gmt":"2024-05-18T20:57:22","slug":"apartamento-pega-fogo-no-rs-e-crianca-de-6-anos-e-resgatada-veja-video","status":"publish","type":"post","link":"https:\/\/tvfloridausa.com\/inscreva-se\/2024\/05\/18\/apartamento-pega-fogo-no-rs-e-crianca-de-6-anos-e-resgatada-veja-video\/","title":{"rendered":"Apartamento pega fogo no RS e crian\u00e7a de 6 anos \u00e9 resgatada; VEJA V\u00cdDEO"},"content":{"rendered":"<p> <br \/>\n<\/p>\n<div>\n<p>Na manh\u00e3 desta ter\u00e7a-feira (14), segundo informa\u00e7\u00f5es do Conex\u00e3o Pol\u00edtica, um inc\u00eandio em um apartamento no quarto andar de um condom\u00ednio no centro de Farroupilha (RS) mobilizou um grupo de pessoas. Um v\u00eddeo que viralizou nas redes sociais mostra a cena heroica: um homem cortando a tela de prote\u00e7\u00e3o da varanda para resgatar um menino de 6 anos, enquanto outras pessoas organizam uma escada para alcan\u00e7\u00e1-lo. A m\u00e3e da crian\u00e7a tamb\u00e9m foi salva, mas sofreu queimaduras e est\u00e1 na UTI. As causas do inc\u00eandio ainda n\u00e3o foram determinadas, segundo o perfil Samu192litoral.<\/p>\n<blockquote class=\"instagram-media\" data-instgrm-captioned=\"\" data-instgrm-permalink=\"https:\/\/www.instagram.com\/reel\/C7H6_Ctx24n\/?utm_source=ig_embed&#038;utm_campaign=loading\" data-instgrm-version=\"14\" style=\" background:#FFF; border:0; border-radius:3px; box-shadow:0 0 1px 0 rgba(0,0,0,0.5),0 1px 10px 0 rgba(0,0,0,0.15); margin: 1px; max-width:540px; min-width:326px; padding:0; width:99.375%; width:-webkit-calc(100% - 2px); width:calc(100% - 2px);\"\/><\/div>\n<p><script async defer src=\"https:\/\/platform.instagram.com\/en_US\/embeds.js\"><\/script><br \/>\n<br \/><br \/>\n<br \/><a href=\"https:\/\/terrabrasilnoticias.com\/2024\/05\/apartamento-pega-fogo-no-rs-e-crianca-de-6-anos-e-resgatada-veja-video\/\">Source link <\/a><\/p>\n","protected":false},"excerpt":{"rendered":"<p>Na manh\u00e3 desta ter\u00e7a-feira (14), segundo informa\u00e7\u00f5es do Conex\u00e3o Pol\u00edtica, um inc\u00eandio em um apartamento no quarto andar de um condom\u00ednio no centro de Farroupilha (RS) mobilizou um grupo de pessoas. Um v\u00eddeo que viralizou nas redes sociais mostra a cena heroica: um homem cortando a tela de prote\u00e7\u00e3o da varanda para resgatar um menino [&hellip;]<\/p>\n","protected":false},"author":1,"featured_media":6045,"comment_status":"open","ping_status":"open","sticky":false,"template":"","format":"standard","meta":{"footnotes":""},"categories":[1],"tags":[231,3872,419,1666,5814,5815,11,197],"class_list":["post-6044","post","type-post","status-publish","format-standard","has-post-thumbnail","hentry","category-uncategorized","tag-anos","tag-apartamento","tag-crianca","tag-fogo","tag-pega","tag-resgatada","tag-veja","tag-video"],"_links":{"self":[{"href":"https:\/\/tvfloridausa.com\/inscreva-se\/wp-json\/wp\/v2\/posts\/6044","targetHints":{"allow":["GET"]}}],"collection":[{"href":"https:\/\/tvfloridausa.com\/inscreva-se\/wp-json\/wp\/v2\/posts"}],"about":[{"href":"https:\/\/tvfloridausa.com\/inscreva-se\/wp-json\/wp\/v2\/types\/post"}],"author":[{"embeddable":true,"href":"https:\/\/tvfloridausa.com\/inscreva-se\/wp-json\/wp\/v2\/users\/1"}],"replies":[{"embeddable":true,"href":"https:\/\/tvfloridausa.com\/inscreva-se\/wp-json\/wp\/v2\/comments?post=6044"}],"version-history":[{"count":1,"href":"https:\/\/tvfloridausa.com\/inscreva-se\/wp-json\/wp\/v2\/posts\/6044\/revisions"}],"predecessor-version":[{"id":6046,"href":"https:\/\/tvfloridausa.com\/inscreva-se\/wp-json\/wp\/v2\/posts\/6044\/revisions\/6046"}],"wp:featuredmedia":[{"embeddable":true,"href":"https:\/\/tvfloridausa.com\/inscreva-se\/wp-json\/wp\/v2\/media\/6045"}],"wp:attachment":[{"href":"https:\/\/tvfloridausa.com\/inscreva-se\/wp-json\/wp\/v2\/media?parent=6044"}],"wp:term":[{"taxonomy":"category","embeddable":true,"href":"https:\/\/tvfloridausa.com\/inscreva-se\/wp-json\/wp\/v2\/categories?post=6044"},{"taxonomy":"post_tag","embeddable":true,"href":"https:\/\/tvfloridausa.com\/inscreva-se\/wp-json\/wp\/v2\/tags?post=6044"}],"curies":[{"name":"wp","href":"https:\/\/api.w.org\/{rel}","templated":true}]}}