{"id":6026,"date":"2024-05-18T14:27:11","date_gmt":"2024-05-18T14:27:11","guid":{"rendered":"https:\/\/tvfloridausa.com\/inscreva-se\/2024\/05\/18\/banhistas-sao-arrastados-pela-forca-das-ondas-em-praia-no-rio-veja-video\/"},"modified":"2024-05-18T14:31:16","modified_gmt":"2024-05-18T14:31:16","slug":"banhistas-sao-arrastados-pela-forca-das-ondas-em-praia-no-rio-veja-video","status":"publish","type":"post","link":"https:\/\/tvfloridausa.com\/inscreva-se\/2024\/05\/18\/banhistas-sao-arrastados-pela-forca-das-ondas-em-praia-no-rio-veja-video\/","title":{"rendered":"Banhistas s\u00e3o arrastados pela for\u00e7a das ondas em praia no Rio; VEJA V\u00cdDEO"},"content":{"rendered":"<p> <br \/>\n<\/p>\n<div>\n<p>Foto: Reprodu\u00e7\u00e3o.<\/p>\n<blockquote class=\"instagram-media\" data-instgrm-captioned=\"\" data-instgrm-permalink=\"https:\/\/www.instagram.com\/reel\/C7HPAfWOfm5\/?utm_source=ig_embed&#038;utm_campaign=loading\" data-instgrm-version=\"14\" style=\" background:#FFF; border:0; border-radius:3px; box-shadow:0 0 1px 0 rgba(0,0,0,0.5),0 1px 10px 0 rgba(0,0,0,0.15); margin: 1px; max-width:540px; min-width:326px; padding:0; width:99.375%; width:-webkit-calc(100% - 2px); width:calc(100% - 2px);\"\/>\n<p>Ap\u00f3s ignorarem os avisos de ressaca do mar, emitidos pela Marinha do Brasil, no come\u00e7o da semana, alguns banhistas se aventuraram na Praia de Itacoatiara, em Niter\u00f3i, e acabaram arrastados pela correnteza.<\/p>\n<p>V\u00eddeos postados na sexta-feira (17\/5) pela Salvamar Itacoa, empresa que presta servi\u00e7os de guarda-vidas em Itacoatiara, al\u00e9m de imagens amadoras gravadas por outros banhistas, mostram pessoas na Pedra do Pampo, que separa o mar aberto da prainha, sendo engolidas pelas ondas. Alguns chegaram a ser levados pela for\u00e7a da correnteza.<\/p>\n<p>De acordo com a Marinha, o alerta emitido continua v\u00e1lido at\u00e9 a manh\u00e3 deste s\u00e1bado (18\/5) e abrange todo o litoral fluminense.<\/p>\n<p>Cr\u00e9ditos: Metr\u00f3poles.<\/p>\n<\/div>\n<p><script async defer src=\"https:\/\/platform.instagram.com\/en_US\/embeds.js\"><\/script><br \/>\n<br \/><br \/>\n<br \/><a href=\"https:\/\/terrabrasilnoticias.com\/2024\/05\/banhistas-sao-arrastados-pela-forca-das-ondas-em-praia-no-rio-veja-video\/\">Source link <\/a><\/p>\n","protected":false},"excerpt":{"rendered":"<p>Foto: Reprodu\u00e7\u00e3o. Ap\u00f3s ignorarem os avisos de ressaca do mar, emitidos pela Marinha do Brasil, no come\u00e7o da semana, alguns banhistas se aventuraram na Praia de Itacoatiara, em Niter\u00f3i, e acabaram arrastados pela correnteza. V\u00eddeos postados na sexta-feira (17\/5) pela Salvamar Itacoa, empresa que presta servi\u00e7os de guarda-vidas em Itacoatiara, al\u00e9m de imagens amadoras gravadas [&hellip;]<\/p>\n","protected":false},"author":1,"featured_media":6027,"comment_status":"open","ping_status":"open","sticky":false,"template":"","format":"standard","meta":{"footnotes":""},"categories":[1],"tags":[5803,5802,1480,1163,5804,159,5028,943,5,11,197],"class_list":["post-6026","post","type-post","status-publish","format-standard","has-post-thumbnail","hentry","category-uncategorized","tag-arrastados","tag-banhistas","tag-das","tag-forca","tag-ondas","tag-pela","tag-praia","tag-rio","tag-sao","tag-veja","tag-video"],"_links":{"self":[{"href":"https:\/\/tvfloridausa.com\/inscreva-se\/wp-json\/wp\/v2\/posts\/6026","targetHints":{"allow":["GET"]}}],"collection":[{"href":"https:\/\/tvfloridausa.com\/inscreva-se\/wp-json\/wp\/v2\/posts"}],"about":[{"href":"https:\/\/tvfloridausa.com\/inscreva-se\/wp-json\/wp\/v2\/types\/post"}],"author":[{"embeddable":true,"href":"https:\/\/tvfloridausa.com\/inscreva-se\/wp-json\/wp\/v2\/users\/1"}],"replies":[{"embeddable":true,"href":"https:\/\/tvfloridausa.com\/inscreva-se\/wp-json\/wp\/v2\/comments?post=6026"}],"version-history":[{"count":1,"href":"https:\/\/tvfloridausa.com\/inscreva-se\/wp-json\/wp\/v2\/posts\/6026\/revisions"}],"predecessor-version":[{"id":6028,"href":"https:\/\/tvfloridausa.com\/inscreva-se\/wp-json\/wp\/v2\/posts\/6026\/revisions\/6028"}],"wp:featuredmedia":[{"embeddable":true,"href":"https:\/\/tvfloridausa.com\/inscreva-se\/wp-json\/wp\/v2\/media\/6027"}],"wp:attachment":[{"href":"https:\/\/tvfloridausa.com\/inscreva-se\/wp-json\/wp\/v2\/media?parent=6026"}],"wp:term":[{"taxonomy":"category","embeddable":true,"href":"https:\/\/tvfloridausa.com\/inscreva-se\/wp-json\/wp\/v2\/categories?post=6026"},{"taxonomy":"post_tag","embeddable":true,"href":"https:\/\/tvfloridausa.com\/inscreva-se\/wp-json\/wp\/v2\/tags?post=6026"}],"curies":[{"name":"wp","href":"https:\/\/api.w.org\/{rel}","templated":true}]}}