{"id":6020,"date":"2024-05-18T12:22:36","date_gmt":"2024-05-18T12:22:36","guid":{"rendered":"https:\/\/tvfloridausa.com\/inscreva-se\/2024\/05\/18\/haddad-fica-de-fora-do-debate-sobre-demissao-de-prates-em-manobra-de-costa\/"},"modified":"2024-05-18T12:29:51","modified_gmt":"2024-05-18T12:29:51","slug":"haddad-fica-de-fora-do-debate-sobre-demissao-de-prates-em-manobra-de-costa","status":"publish","type":"post","link":"https:\/\/tvfloridausa.com\/inscreva-se\/2024\/05\/18\/haddad-fica-de-fora-do-debate-sobre-demissao-de-prates-em-manobra-de-costa\/","title":{"rendered":"Haddad fica de fora do debate sobre demiss\u00e3o de Prates em manobra de Costa"},"content":{"rendered":"<p> <br \/>\n<\/p>\n<div>\n<p>Foto: Reprodu\u00e7\u00e3o.<\/p>\n<p>O Ministro da Fazenda, Fernando Haddad, n\u00e3o estava presente na reuni\u00e3o em que o presidente Luiz In\u00e1cio Lula da Silva (PT) decidiu o destino de Jean Paul Prates, ent\u00e3o presidente da Petrobras, que vinha sendo pressionado h\u00e1 mais de tr\u00eas meses. As informa\u00e7\u00f5es s\u00e3o da Folha de S. Paulo.<\/p>\n<p>De acordo com aliados de Lula, Haddad tamb\u00e9m n\u00e3o participou do processo que resultou na demiss\u00e3o de Prates.<\/p>\n<p>Alexandre Padilha, Ministro das Rela\u00e7\u00f5es Institucionais e visto como um aliado de Haddad no Pal\u00e1cio do Planalto, tamb\u00e9m n\u00e3o esteve presente na decis\u00e3o final.<\/p>\n<p>Um membro da equipe econ\u00f4mica avalia que toda a opera\u00e7\u00e3o foi montada \u201cna surdina\u201d, na Casa Civil, para evitar que Haddad interviesse a favor da perman\u00eancia de Prates, como j\u00e1 havia feito em abril.<\/p>\n<p>Prates foi demitido na presen\u00e7a de seus dois advers\u00e1rios, os ministros Rui Costa (Casa Civil) e Alexandre Silveira (Minas e Energia), e descreveu a participa\u00e7\u00e3o de ambos na conversa como \u201cpresen\u00e7a regozijada\u201d.<\/p>\n<p>No momento da reuni\u00e3o, Haddad havia acabado de sair do Pal\u00e1cio do Planalto e estava em uma reuni\u00e3o com secret\u00e1rios no Minist\u00e9rio da Fazenda, enquanto Lula demitia o presidente da Petrobras.<\/p>\n<p>A exclus\u00e3o de Haddad foi interpretada por pol\u00edticos e economistas como uma demonstra\u00e7\u00e3o de for\u00e7a de Rui Costa, rival de Haddad no Minist\u00e9rio.<\/p>\n<p>No dia seguinte \u00e0 demiss\u00e3o, Haddad n\u00e3o comentou as circunst\u00e2ncias em que Prates foi demitido. Em abril, o Ministro da Fazenda defendeu a perman\u00eancia de Prates, argumentando que n\u00e3o havia raz\u00f5es t\u00e9cnicas para a substitui\u00e7\u00e3o.<\/p>\n<p>Na \u00e9poca, Lula foi aconselhado a n\u00e3o tomar decis\u00f5es no auge da crise, especialmente porque Silveira havia criticado Prates em uma entrevista \u00e0 Folha.<\/p>\n<p>Uma demiss\u00e3o de Prates logo ap\u00f3s a entrevista poderia ser vista como um incentivo \u00e0 autofagia na equipe, o que um conselheiro de Lula chamou de dar legitimidade a uma pr\u00e1tica prejudicial dentro do governo.<\/p>\n<p>A sobrevida concedida a Prates foi atribu\u00edda a Haddad. O papel do Ministro da Fazenda foi visto como um sinal de fortalecimento sobre Rui Costa e Silveira, embora Lula continuasse insatisfeito com o desempenho do ent\u00e3o presidente da Petrobras, como mostrou uma reportagem da Folha.<\/p>\n<p>Consultado na \u00e9poca, Haddad tamb\u00e9m defendeu a distribui\u00e7\u00e3o de dividendos da Petrobras, posi\u00e7\u00e3o que Prates havia assumido e era um dos motivos da crise entre ele e Silveira.<\/p>\n<p>O argumento de Haddad era que parte do dinheiro dos dividendos aumentaria o caixa da Uni\u00e3o e aliviaria a situa\u00e7\u00e3o financeira do governo federal.<\/p>\n<p>Na avalia\u00e7\u00e3o dos aliados de Haddad, o ministro n\u00e3o foi chamado novamente para opinar sobre o futuro de Prates porque a decis\u00e3o de Lula j\u00e1 estava tomada. Embora Lula tenha sido convencido sobre a distribui\u00e7\u00e3o de dividendos extraordin\u00e1rios, o presidente tinha manifestado a inten\u00e7\u00e3o de demitir Prates por quebra de confian\u00e7a.<\/p>\n<p>Apesar de reconhecerem o poder do Ministro da Casa Civil, aliados de Haddad no governo enfatizam que o epis\u00f3dio n\u00e3o abalou o prest\u00edgio do ministro junto ao presidente. O problema, eles frisam, \u00e9 com Prates.<\/p>\n<p>No entanto, auxiliares de Haddad admitem que a mudan\u00e7a tem reflexos na economia porque piora a vis\u00e3o dos investidores sobre o governo, aumentando o descontentamento do mercado financeiro com a gest\u00e3o da empresa.<\/p>\n<p>Esse processo mina a credibilidade da pol\u00edtica econ\u00f4mica e a garantia dada pela equipe econ\u00f4mica de que n\u00e3o haveria interven\u00e7\u00e3o pol\u00edtica na Petrobras.<\/p>\n<p>Durante o impasse dos dividendos, Lula chegou a cancelar uma reuni\u00e3o em que ouviria os argumentos de Haddad em defesa de Prates. Naquele 7 de abril, um domingo, Haddad ficou de sobreaviso \u00e0 espera de uma convoca\u00e7\u00e3o de Lula.<\/p>\n<p>Chamado, o Ministro da Fazenda antecipou seu voo para Bras\u00edlia para se reunir com o presidente. A informa\u00e7\u00e3o de que Haddad se reuniria com Lula veio a p\u00fablico e, contrariado com o vazamento, Lula cancelou a conversa.<\/p>\n<p>Um aliado de Lula esclarece, no entanto, que o presidente decidiu adiar a reuni\u00e3o com Haddad porque, ainda naquele dia, estava decidido a demitir Prates.<\/p>\n<p>Em mar\u00e7o, quando o conselho da Petrobras decidiu reter os dividendos extraordin\u00e1rios da estatal, Haddad se alinhou a Prates, defendendo a destina\u00e7\u00e3o de parte do dinheiro aos acionistas da Petrobras, incluindo a Uni\u00e3o.<\/p>\n<p>Esse alinhamento t\u00e1tico foi entendido no governo como um apoio irrestrito a Prates.<\/p>\n<p>Haddad, no entanto, condenava em conversas atitudes do ex-presidente da Petrobras, como levar o debate \u00e0s redes sociais ou avisar a interlocutores que interpelaria Lula sobre a entrevista que Silveira havia concedido \u00e0 Folha.<\/p>\n<p>No governo, essa esp\u00e9cie de ultimato ao presidente foi recebida como uma afronta. E Prates n\u00e3o foi chamado para essa conversa com Lula.<\/p>\n<p>Na ter\u00e7a-feira (15), Prates apresentou a Lula planos para a Petrobras. Acabou sendo demitido na presen\u00e7a de seus cr\u00edticos.<\/p>\n<\/div>\n<p><br \/>\n<br \/><a href=\"https:\/\/terrabrasilnoticias.com\/2024\/05\/haddad-fica-de-fora-do-debate-sobre-demissao-de-prates-em-manobra-de-costa\/\">Source link <\/a><\/p>\n","protected":false},"excerpt":{"rendered":"<p>Foto: Reprodu\u00e7\u00e3o. O Ministro da Fazenda, Fernando Haddad, n\u00e3o estava presente na reuni\u00e3o em que o presidente Luiz In\u00e1cio Lula da Silva (PT) decidiu o destino de Jean Paul Prates, ent\u00e3o presidente da Petrobras, que vinha sendo pressionado h\u00e1 mais de tr\u00eas meses. As informa\u00e7\u00f5es s\u00e3o da Folha de S. Paulo. De acordo com aliados [&hellip;]<\/p>\n","protected":false},"author":1,"featured_media":6021,"comment_status":"open","ping_status":"open","sticky":false,"template":"","format":"standard","meta":{"footnotes":""},"categories":[1],"tags":[518,4423,862,325,2406,1510,5800,2679,81],"class_list":["post-6020","post","type-post","status-publish","format-standard","has-post-thumbnail","hentry","category-uncategorized","tag-costa","tag-debate","tag-demissao","tag-fica","tag-fora","tag-haddad","tag-manobra","tag-prates","tag-sobre"],"_links":{"self":[{"href":"https:\/\/tvfloridausa.com\/inscreva-se\/wp-json\/wp\/v2\/posts\/6020","targetHints":{"allow":["GET"]}}],"collection":[{"href":"https:\/\/tvfloridausa.com\/inscreva-se\/wp-json\/wp\/v2\/posts"}],"about":[{"href":"https:\/\/tvfloridausa.com\/inscreva-se\/wp-json\/wp\/v2\/types\/post"}],"author":[{"embeddable":true,"href":"https:\/\/tvfloridausa.com\/inscreva-se\/wp-json\/wp\/v2\/users\/1"}],"replies":[{"embeddable":true,"href":"https:\/\/tvfloridausa.com\/inscreva-se\/wp-json\/wp\/v2\/comments?post=6020"}],"version-history":[{"count":1,"href":"https:\/\/tvfloridausa.com\/inscreva-se\/wp-json\/wp\/v2\/posts\/6020\/revisions"}],"predecessor-version":[{"id":6022,"href":"https:\/\/tvfloridausa.com\/inscreva-se\/wp-json\/wp\/v2\/posts\/6020\/revisions\/6022"}],"wp:featuredmedia":[{"embeddable":true,"href":"https:\/\/tvfloridausa.com\/inscreva-se\/wp-json\/wp\/v2\/media\/6021"}],"wp:attachment":[{"href":"https:\/\/tvfloridausa.com\/inscreva-se\/wp-json\/wp\/v2\/media?parent=6020"}],"wp:term":[{"taxonomy":"category","embeddable":true,"href":"https:\/\/tvfloridausa.com\/inscreva-se\/wp-json\/wp\/v2\/categories?post=6020"},{"taxonomy":"post_tag","embeddable":true,"href":"https:\/\/tvfloridausa.com\/inscreva-se\/wp-json\/wp\/v2\/tags?post=6020"}],"curies":[{"name":"wp","href":"https:\/\/api.w.org\/{rel}","templated":true}]}}