{"id":6014,"date":"2024-05-18T10:21:52","date_gmt":"2024-05-18T10:21:52","guid":{"rendered":"https:\/\/tvfloridausa.com\/inscreva-se\/2024\/05\/18\/o-clima-azedou-entre-lula-e-eduardo-leite\/"},"modified":"2024-05-18T10:25:06","modified_gmt":"2024-05-18T10:25:06","slug":"o-clima-azedou-entre-lula-e-eduardo-leite","status":"publish","type":"post","link":"https:\/\/tvfloridausa.com\/inscreva-se\/2024\/05\/18\/o-clima-azedou-entre-lula-e-eduardo-leite\/","title":{"rendered":"O clima azedou entre Lula e Eduardo Leite"},"content":{"rendered":"<p> <br \/>\n<\/p>\n<div>\n<p>Foto: Reprodu\u00e7\u00e3o\/Divulga\u00e7\u00e3o\/Governo do RS.<\/p>\n<p><strong>Governador do RS n\u00e3o agradece nominalmente ao presidente Lula durante an\u00fancio de medidas federais<\/strong><\/p>\n<p>O governador do Rio Grande do Sul, Eduardo Leite (PSDB), n\u00e3o fez um agradecimento expl\u00edcito ao presidente Lula (PT) durante o an\u00fancio de um conjunto de a\u00e7\u00f5es federais para lidar com a crise no estado. As informa\u00e7\u00f5es s\u00e3o da Folha de S. Paulo.<\/p>\n<p>No evento realizado na quarta-feira (15) em S\u00e3o Leopoldo, Leite destacou a import\u00e2ncia de superar diverg\u00eancias ideol\u00f3gicas e garantiu que as necessidades urgentes da popula\u00e7\u00e3o ga\u00facha ser\u00e3o atendidas com \u201co maior esfor\u00e7o de seu presidente, de seu governador e de prefeitos\u201d.<\/p>\n<p>A falta de um agradecimento direto a Lula foi notada por membros do Pal\u00e1cio do Planalto e interpretada como uma demonstra\u00e7\u00e3o de descontentamento de Leite com a nomea\u00e7\u00e3o de Paulo Pimenta (PT) para a Secretaria Extraordin\u00e1ria para Apoio \u00e0 Reconstru\u00e7\u00e3o do Rio Grande do Sul.<\/p>\n<p>Aliados do governador admitem, em off, que Leite ficou bastante incomodado com a nomea\u00e7\u00e3o de um pol\u00edtico com ambi\u00e7\u00f5es eleitorais no estado. O governador ficou sabendo da nomea\u00e7\u00e3o de Pimenta pela imprensa, conforme informou a coluna Painel, da Folha.<\/p>\n<p>Segundo esses aliados, Leite teme que Lula queira estabelecer um governo paralelo no estado, onde os ministros discutam medidas diretamente com Pimenta, contornando o Pal\u00e1cio do Piratini.<\/p>\n<p>Um membro da equipe de Leite afirmou, sob anonimato, que o governo do estado n\u00e3o se opunha \u00e0 cria\u00e7\u00e3o de uma autoridade, desde que ela se limitasse a acompanhar as a\u00e7\u00f5es federais no Rio Grande do Sul.<\/p>\n<p>De acordo com relatos, o Minist\u00e9rio da Fazenda j\u00e1 havia apresentado uma proposta na qual caberia ao governo Lula definir o destino dos recursos provenientes da suspens\u00e3o do pagamento da d\u00edvida do estado com a Uni\u00e3o.<\/p>\n<p>A Fazenda chegou a redigir um texto no qual o governo Leite se comprometeria a submeter \u00e0 Uni\u00e3o a aplica\u00e7\u00e3o do dinheiro retido nos cofres do estado gra\u00e7as \u00e0 suspens\u00e3o do pagamento da parcela da d\u00edvida. No entanto, Leite n\u00e3o concordou e convenceu Lula de que essa f\u00f3rmula seria invi\u00e1vel diante da urg\u00eancia de medidas para a reconstru\u00e7\u00e3o do RS.<\/p>\n<p>Agora, o medo \u00e9 que a secretaria represente uma nova tentativa de controle dos recursos no estado. O desconforto pode aumentar caso Pimenta indique o ex-prefeito Emanuel Hassen De Jesus, conhecido como Maneco Hassen, para a secretaria-executiva da autoridade federal.<\/p>\n<p>O presidente do PSDB, ex-governador de Goi\u00e1s Marconi Perillo, foi um dos porta-vozes dessa insatisfa\u00e7\u00e3o. \u201cCausou muita estranheza o fato de o presidente ter anunciado a autoridade federal sem ter sequer falado disso com o governador, que \u00e9 a principal autoridade constitucional no estado\u201d, afirmou.<\/p>\n<p>Perillo disse esperar que essa autoridade apoie a reconstru\u00e7\u00e3o do Rio Grande do Sul, \u201ccom recursos que precisam ser destinados ao estado\u201d.<\/p>\n<p>\u201cA gente espera que a ajuda seja em forma de transfer\u00eancia gratuita, ou seja, em doa\u00e7\u00e3o, porque o estado n\u00e3o suporta mais opera\u00e7\u00f5es de cr\u00e9dito. Ent\u00e3o a gente espera que realmente essa autoridade possa ajudar e n\u00e3o atrapalhar\u201d, disse.<\/p>\n<p>Por outro lado, o ex-governador A\u00e9cio Neves (PSDB-MG) afirmou que questionar\u00e1, na C\u00e2mara dos Deputados, os fundamentos legais para a cria\u00e7\u00e3o desse minist\u00e9rio. Na opini\u00e3o de A\u00e9cio, isso abre um precedente perigoso. \u201c\u00c9 uma interven\u00e7\u00e3o no estado n\u00e3o prevista na Constitui\u00e7\u00e3o\u201d, disse ele.<\/p>\n<p>A\u00e9cio questiona se o PT consideraria razo\u00e1vel se o governo Jair Bolsonaro (PL) criasse secretarias extraordin\u00e1rias nos estados brasileiros para combater a pandemia da Covid-19.<\/p>\n<p>Segundo A\u00e9cio, o epis\u00f3dio come\u00e7a com uma indelicadeza de Lula ao instituir a autoridade sem avisar ao governador do Rio Grande do Sul e pode acabar com uma imprud\u00eancia.<\/p>\n<p>No entanto, o pr\u00f3prio Leite negou desconfortos na rela\u00e7\u00e3o com Pimenta. \u201cN\u00e3o contem comigo para disputa pol\u00edtica, n\u00e3o contem comigo para disputa de vaidades, de egos, \u00e9 em favor da sociedade. Temos uma popula\u00e7\u00e3o nesse momento que est\u00e1 sofrendo\u201d, afirmou.<\/p>\n<p>\u201cN\u00e3o temos o direito de permitir que qualquer tipo de diferen\u00e7a ideol\u00f3gica, program\u00e1tica, divis\u00e3o pol\u00edtica ou de aspira\u00e7\u00e3o pessoal possa interferir na nossa miss\u00e3o que atender essas pessoas. Vou me reunir em breve, inclusive com o ministro [Pimenta] e vamos atuar para que possamos coordenar essas a\u00e7\u00f5es conjuntamente\u201d, concluiu.<\/p>\n<p>Na cerim\u00f4nia de quarta-feira, Pimenta posou ao lado de Lula e Leite ap\u00f3s o presidente assinar medida provis\u00f3ria que institui o vale reconstru\u00e7\u00e3o, apoio financeiro destinado a fam\u00edlias de desabrigados. Os tr\u00eas ergueram o documento para fotos.<\/p>\n<p>Na avalia\u00e7\u00e3o de um aliado de Leite, esse foi um retrato da politiza\u00e7\u00e3o da crise. Em seu discurso, o governador reafirmou pedido de anistia parcial da d\u00edvida do estado com a Uni\u00e3o e pregou a supera\u00e7\u00e3o de diferen\u00e7as pol\u00edticas.<\/p>\n<p>\u201cN\u00e3o permitiremos que haja diferen\u00e7a que nos impe\u00e7a de atender \u00e0s necessidades urgentes que ser\u00e3o atendidas com maior esfor\u00e7o do seu presidente, do seu governador e dos prefeitos e de cada um daqueles que escolheram a vida p\u00fablica para servir a esta sociedade\u201d, discursou.<\/p>\n<p>J\u00e1 o site oficial do Governo do Rio Grande do Sul destacou, do discurso de Lula, a afirma\u00e7\u00e3o de que a a\u00e7\u00e3o do governo federal n\u00e3o \u00e9 um favor. A frase de Lula reproduzida na p\u00e1gina do estado foi a seguinte: \u201cO problema de uma cidade n\u00e3o \u00e9 apenas dela: \u00e9 do estado, do governo federal, da na\u00e7\u00e3o. O que estamos fazendo n\u00e3o \u00e9 nenhum favor, pois \u00e9 uma necessidade ajudar todos\u201d.<\/p>\n<\/div>\n<p><br \/>\n<br \/><a href=\"https:\/\/terrabrasilnoticias.com\/2024\/05\/o-clima-azedou-entre-lula-e-eduardo-leite\/\">Source link <\/a><\/p>\n","protected":false},"excerpt":{"rendered":"<p>Foto: Reprodu\u00e7\u00e3o\/Divulga\u00e7\u00e3o\/Governo do RS. Governador do RS n\u00e3o agradece nominalmente ao presidente Lula durante an\u00fancio de medidas federais O governador do Rio Grande do Sul, Eduardo Leite (PSDB), n\u00e3o fez um agradecimento expl\u00edcito ao presidente Lula (PT) durante o an\u00fancio de um conjunto de a\u00e7\u00f5es federais para lidar com a crise no estado. As informa\u00e7\u00f5es [&hellip;]<\/p>\n","protected":false},"author":1,"featured_media":6015,"comment_status":"open","ping_status":"open","sticky":false,"template":"","format":"standard","meta":{"footnotes":""},"categories":[1],"tags":[5796,1633,1775,970,589,242],"class_list":["post-6014","post","type-post","status-publish","format-standard","has-post-thumbnail","hentry","category-uncategorized","tag-azedou","tag-clima","tag-eduardo","tag-entre","tag-leite","tag-lula"],"_links":{"self":[{"href":"https:\/\/tvfloridausa.com\/inscreva-se\/wp-json\/wp\/v2\/posts\/6014","targetHints":{"allow":["GET"]}}],"collection":[{"href":"https:\/\/tvfloridausa.com\/inscreva-se\/wp-json\/wp\/v2\/posts"}],"about":[{"href":"https:\/\/tvfloridausa.com\/inscreva-se\/wp-json\/wp\/v2\/types\/post"}],"author":[{"embeddable":true,"href":"https:\/\/tvfloridausa.com\/inscreva-se\/wp-json\/wp\/v2\/users\/1"}],"replies":[{"embeddable":true,"href":"https:\/\/tvfloridausa.com\/inscreva-se\/wp-json\/wp\/v2\/comments?post=6014"}],"version-history":[{"count":1,"href":"https:\/\/tvfloridausa.com\/inscreva-se\/wp-json\/wp\/v2\/posts\/6014\/revisions"}],"predecessor-version":[{"id":6016,"href":"https:\/\/tvfloridausa.com\/inscreva-se\/wp-json\/wp\/v2\/posts\/6014\/revisions\/6016"}],"wp:featuredmedia":[{"embeddable":true,"href":"https:\/\/tvfloridausa.com\/inscreva-se\/wp-json\/wp\/v2\/media\/6015"}],"wp:attachment":[{"href":"https:\/\/tvfloridausa.com\/inscreva-se\/wp-json\/wp\/v2\/media?parent=6014"}],"wp:term":[{"taxonomy":"category","embeddable":true,"href":"https:\/\/tvfloridausa.com\/inscreva-se\/wp-json\/wp\/v2\/categories?post=6014"},{"taxonomy":"post_tag","embeddable":true,"href":"https:\/\/tvfloridausa.com\/inscreva-se\/wp-json\/wp\/v2\/tags?post=6014"}],"curies":[{"name":"wp","href":"https:\/\/api.w.org\/{rel}","templated":true}]}}