{"id":5999,"date":"2024-05-17T23:05:31","date_gmt":"2024-05-17T23:05:31","guid":{"rendered":"https:\/\/tvfloridausa.com\/inscreva-se\/2024\/05\/17\/agora-relator-vota-pela-cassacao-dos-mandatos-de-claudio-castro-e-vice\/"},"modified":"2024-05-18T04:04:23","modified_gmt":"2024-05-18T04:04:23","slug":"agora-relator-vota-pela-cassacao-dos-mandatos-de-claudio-castro-e-vice","status":"publish","type":"post","link":"https:\/\/tvfloridausa.com\/inscreva-se\/2024\/05\/17\/agora-relator-vota-pela-cassacao-dos-mandatos-de-claudio-castro-e-vice\/","title":{"rendered":"AGORA: Relator vota pela cassa\u00e7\u00e3o dos mandatos de Cl\u00e1udio Castro e vice"},"content":{"rendered":"<p> <br \/>\n<\/p>\n<div>\n<p><em>Antonio Cruz\/Ag\u00eancia Brasil<\/em><\/p>\n<h2 class=\"wp-block-heading\">Governador do Rio \u00e9 julgado pelo TRE nesta sexta-feira (17)<\/h2>\n<p>O desembargador Peterson Barroso Sim\u00e3o votou por cassar o mandato do governador Cl\u00e1udio Castro (PL). O relator tamb\u00e9m foi a favor da cassa\u00e7\u00e3o do vice-governador do estado, Thiago Pampolha (MDB), e do presidente da Assembleia Legislativa do Rio, Rodrigo Bacellar (Uni\u00e3o).<\/p>\n<p>O Tribunal Regional Eleitoral do Rio de Janeiro (TRE-RJ) come\u00e7ou a julgar, nesta sexta-feira (17), a a\u00e7\u00e3o em que Castro, o vice e o deputado s\u00e3o acusados de desvios na Funda\u00e7\u00e3o Centro Estadual de Estat\u00edsticas, Pesquisas e Forma\u00e7\u00e3o de Servidores P\u00fablicos do Rio de Janeiro (Ceperj) e da Universidade Estadual do Rio de Janeiro (Uerj) ao longo do ano da campanha eleitoral de 2022.<\/p>\n<p>Para Simao, houve abuso de poder pol\u00edtico e econ\u00f4mico envolvendo o financiamento de projetos e programas da Ceperj e da Uerj durante o ano eleitoral.<\/p>\n<p>Al\u00e9m da cassa\u00e7\u00e3o, o relator tamb\u00e9m votou pela inelegibilidade de Castro e Bacellar durante o per\u00edodo de 8 anos e ao pagamento de multa no valor de R$ 106.410.<\/p>\n<h2 class=\"wp-block-heading\">Voto do relator<\/h2>\n<p>Segundo Sim\u00e3o, as provas apresentadas nos autos \u201cformam o livre convencimento do julgador quanto a certeza da aus\u00eancia de lisura das elei\u00e7\u00f5es de 2022 no estado do Rio de Janeiro relacionada aos investigados que usaram e abusaram da m\u00e1quina p\u00fablica do estado e ainda praticaram condutas vedadas na Ceperj e na Uerj\u201d.<\/p>\n<p>\u201cO racioc\u00ednio l\u00f3gico que se faz \u00e9 de que a quantidade exorbitante de dinheiro utilizado e empregado no ano eleitoral 2022 serviu a milhares de pessoas que se dispuseram a seguir eleitoralmente o caminho tra\u00e7ado pelos r\u00e9us\u201d, afirmou Peterson.<\/p>\n<p>De acordo com o relator, a Ceperj empenhou:<\/p>\n<ul>\n<li>em 2020, cerca de R$ 20 milh\u00f5es<\/li>\n<li>em 2021, cerca de R$ 127 milh\u00f5es<\/li>\n<li>em 2022, cerca de R$ 470 milh\u00f5es.<\/li>\n<\/ul>\n<p>\u201cUma auditoria do Tribunal de Contas do Estado apontou que o governo do Rio de Janeiro gastou, no per\u00edodo eleitoral, em torno de R$ 470 milh\u00f5es com projetos na Ceperj e, por isso, encontrou irregularidades em mais de 20 mil contrata\u00e7\u00f5es\u201d, apontou Peterson.<\/p>\n<p>O desembargador tamb\u00e9m disse que o dinheiro, distribu\u00eddo em pequenas partes, serviu para beneficiar a chapa do governador Castro e que funcion\u00e1rios fantasmas e at\u00e9 presidi\u00e1rios faziam parte da folha de pagamento da Uerj.<\/p>\n<p>A CNN tenta contato com a defesa de Castro, Pampolha e de Bacellar a respeito do voto do relator.<\/p>\n<p>CNN<\/p>\n<\/div>\n<p><br \/>\n<br \/><a href=\"https:\/\/terrabrasilnoticias.com\/2024\/05\/agora-relator-vota-pela-cassacao-dos-mandatos-de-claudio-castro-e-vice\/\">Source link <\/a><\/p>\n","protected":false},"excerpt":{"rendered":"<p>Antonio Cruz\/Ag\u00eancia Brasil Governador do Rio \u00e9 julgado pelo TRE nesta sexta-feira (17) O desembargador Peterson Barroso Sim\u00e3o votou por cassar o mandato do governador Cl\u00e1udio Castro (PL). O relator tamb\u00e9m foi a favor da cassa\u00e7\u00e3o do vice-governador do estado, Thiago Pampolha (MDB), e do presidente da Assembleia Legislativa do Rio, Rodrigo Bacellar (Uni\u00e3o). O [&hellip;]<\/p>\n","protected":false},"author":1,"featured_media":6000,"comment_status":"open","ping_status":"open","sticky":false,"template":"","format":"standard","meta":{"footnotes":""},"categories":[1],"tags":[43,4246,5788,2098,20,5787,159,3770,262,5786],"class_list":["post-5999","post","type-post","status-publish","format-standard","has-post-thumbnail","hentry","category-uncategorized","tag-agora","tag-cassacao","tag-castro","tag-claudio","tag-dos","tag-mandatos","tag-pela","tag-relator","tag-vice","tag-vota"],"_links":{"self":[{"href":"https:\/\/tvfloridausa.com\/inscreva-se\/wp-json\/wp\/v2\/posts\/5999","targetHints":{"allow":["GET"]}}],"collection":[{"href":"https:\/\/tvfloridausa.com\/inscreva-se\/wp-json\/wp\/v2\/posts"}],"about":[{"href":"https:\/\/tvfloridausa.com\/inscreva-se\/wp-json\/wp\/v2\/types\/post"}],"author":[{"embeddable":true,"href":"https:\/\/tvfloridausa.com\/inscreva-se\/wp-json\/wp\/v2\/users\/1"}],"replies":[{"embeddable":true,"href":"https:\/\/tvfloridausa.com\/inscreva-se\/wp-json\/wp\/v2\/comments?post=5999"}],"version-history":[{"count":1,"href":"https:\/\/tvfloridausa.com\/inscreva-se\/wp-json\/wp\/v2\/posts\/5999\/revisions"}],"predecessor-version":[{"id":6001,"href":"https:\/\/tvfloridausa.com\/inscreva-se\/wp-json\/wp\/v2\/posts\/5999\/revisions\/6001"}],"wp:featuredmedia":[{"embeddable":true,"href":"https:\/\/tvfloridausa.com\/inscreva-se\/wp-json\/wp\/v2\/media\/6000"}],"wp:attachment":[{"href":"https:\/\/tvfloridausa.com\/inscreva-se\/wp-json\/wp\/v2\/media?parent=5999"}],"wp:term":[{"taxonomy":"category","embeddable":true,"href":"https:\/\/tvfloridausa.com\/inscreva-se\/wp-json\/wp\/v2\/categories?post=5999"},{"taxonomy":"post_tag","embeddable":true,"href":"https:\/\/tvfloridausa.com\/inscreva-se\/wp-json\/wp\/v2\/tags?post=5999"}],"curies":[{"name":"wp","href":"https:\/\/api.w.org\/{rel}","templated":true}]}}