{"id":5993,"date":"2024-05-17T23:26:40","date_gmt":"2024-05-17T23:26:40","guid":{"rendered":"https:\/\/tvfloridausa.com\/inscreva-se\/2024\/05\/17\/gabigol-se-pronuncia-apos-perder-camisa-10-do-flamengo\/"},"modified":"2024-05-18T01:56:47","modified_gmt":"2024-05-18T01:56:47","slug":"gabigol-se-pronuncia-apos-perder-camisa-10-do-flamengo","status":"publish","type":"post","link":"https:\/\/tvfloridausa.com\/inscreva-se\/2024\/05\/17\/gabigol-se-pronuncia-apos-perder-camisa-10-do-flamengo\/","title":{"rendered":"Gabigol se pronuncia ap\u00f3s perder camisa 10 do Flamengo"},"content":{"rendered":"<p> <br \/>\n<\/p>\n<div>\n<p><small>Foto: Alex Silva\/Estad\u00e3o \/ Estad\u00e3o<\/small><\/p>\n<p><strong>Gabriel Barbosa\u00a0<\/strong>foi \u00e0s redes sociais no in\u00edcio da noite desta sexta-feira, 17, e se\u00a0<strong>pronunciou pela primeira vez ap\u00f3s perder a camisa 10 do\u00a0Flamengo<\/strong>. O clube\u00a0tomou a decis\u00e3o nesta tarde\u00a0depois de uma suposta\u00a0<strong>foto do jogador com a roupa do\u00a0Corinthians\u00a0ter vazado<\/strong>.<\/p>\n<blockquote class=\"wp-block-quote is-layout-flow wp-block-quote-is-layout-flow\"\/>\n<p>Em seu recado ao torcedor,\u00a0<strong>Gabigol\u00a0<\/strong>relembrou o dia que recebeu o n\u00famero hist\u00f3rico e citou\u00a0<strong>Zico<\/strong>, considerado o maior \u00eddolo do time da G\u00e1vea.<\/p>\n<p>\u201cNaquele dia 12\/11 de 2022, depois de ter sentido as maiores emo\u00e7\u00f5es da minha vida com as gl\u00f3rias e expressivas conquistas pelo\u00a0Flamengo, o clube me presenteou com uma camisa muito especial, a 10, simplesmente o manto usado por nosso maior \u00eddolo, o Zico\u201d, escreveu o atleta.<\/p>\n<p>Gabigol, ent\u00e3o, seguiu o pronunciamento revelando a incerteza que teve quando foi presenteado com a camisa 10: \u201cConfesso que senti uma certa inseguran\u00e7a, pois junto com aquela camisa, vinha tamb\u00e9m um grande peso de responsabilidade\u201d.<\/p>\n<p>Para muito um dos grandes \u00eddolos da hist\u00f3ria rubro-negra, Gabriel chegou ao Flamengo em 2019. Desde ent\u00e3o, foi importante com gols decisivos e conquistou 12 t\u00edtulos. Os feitos, ali\u00e1s, n\u00e3o foram esquecidos por ele.<\/p>\n<p>\u201cNo Flamengo, encontrei minha melhor vers\u00e3o e vivo o melhor ciclo da minha carreira. Sou fascinado por t\u00edtulos e sempre expressei isso no excesso de vontade dentro de campo, que muitas vezes \u00e9 interpretado de forma errada. O Flamengo me proporcionou ganhar muitos t\u00edtulos (2 Libertadores, 2 Brasileiros, 1 Copa do Brasil, 1 Recopa Sul-americana, 2 Supercopas do Brasil e 4 Cariocas) e viver esses momentos m\u00e1gicos com a na\u00e7\u00e3o e ser acolhido pela maior torcida da Am\u00e9rica, isso sim \u00e9 o verdadeiro significado da palavra felicidade. Nesses mais de 5 anos de alegrias e algumas tristezas, sempre tive uma certeza, a do meu amor por esse clube, a do amor pela na\u00e7\u00e3o rubro-negra\u201d, disse o agora ex-camisa 10.<\/p>\n<p>Ap\u00f3s relembrar o passado, Gabigol refor\u00e7ou o respeito pela decis\u00e3o da diretoria flamenguista e se declarou ao clube carioca.<\/p>\n<p>\u201cHoje fui comunicado pelos diretores do Flamengo que n\u00e3o vestirei mais a 10. Cabe a mim aceitar e respeitar o comando do clube. Mas isso jamais vai apagar a hist\u00f3ria que constru\u00ed com meus companheiros de equipe. Aceito a pr\u00f3xima camisa e vou dar a vida em campo pelo Meng\u00e3o at\u00e9 o fim da nossa hist\u00f3ria. Te amo, Flamengo!\u201d, completou.<\/p>\n<p>Al\u00e9m de ter perdido a camisa 10, Gabigol foi multado pela diretoria do Flamengo. Vale lembrar que o atleta continuar\u00e1 entrando em campo com a numera\u00e7\u00e3o na fase de grupos da Libertadores, j\u00e1 que o torneio n\u00e3o permite a mudan\u00e7a.<\/p>\n<figure class=\"wp-block-image\"><figcaption class=\"wp-element-caption\">Gabigol foi \u00e0s redes sociais ap\u00f3s ser punido pelo Flamengo<small>Foto: Reprodu\u00e7\u00e3o\/Instagram\/Gabigol<\/small><\/figcaption><\/figure>\n<p><strong>Mais pol\u00eamicas<\/strong><\/p>\n<p>Um dos grandes \u00eddolos da hist\u00f3ria do Flamengo, Gabigol vive momento conturbado com a torcida. Al\u00e9m da pol\u00eamica da vez, recentemente, ele passou mais de um m\u00eas longe das atividades ap\u00f3s receber uma\u00a0puni\u00e7\u00e3o de dois anos por tentativa de fraude em exame antidoping.\u00a0<\/p>\n<p>A defesa do atacante, por\u00e9m, obteve efeito suspensivo, e o atleta voltou a entrar em campo pelo rubro-negro.<\/p>\n<p>Portal Terra<\/p>\n<\/div>\n<p><br \/>\n<br \/><a href=\"https:\/\/terrabrasilnoticias.com\/2024\/05\/gabigol-se-pronuncia-apos-perder-camisa-10-do-flamengo\/\">Source link <\/a><\/p>\n","protected":false},"excerpt":{"rendered":"<p>Foto: Alex Silva\/Estad\u00e3o \/ Estad\u00e3o Gabriel Barbosa\u00a0foi \u00e0s redes sociais no in\u00edcio da noite desta sexta-feira, 17, e se\u00a0pronunciou pela primeira vez ap\u00f3s perder a camisa 10 do\u00a0Flamengo. O clube\u00a0tomou a decis\u00e3o nesta tarde\u00a0depois de uma suposta\u00a0foto do jogador com a roupa do\u00a0Corinthians\u00a0ter vazado. Em seu recado ao torcedor,\u00a0Gabigol\u00a0relembrou o dia que recebeu o n\u00famero [&hellip;]<\/p>\n","protected":false},"author":1,"featured_media":5994,"comment_status":"open","ping_status":"open","sticky":false,"template":"","format":"standard","meta":{"footnotes":""},"categories":[1],"tags":[7,4968,817,5135,927,1769],"class_list":["post-5993","post","type-post","status-publish","format-standard","has-post-thumbnail","hentry","category-uncategorized","tag-apos","tag-camisa","tag-flamengo","tag-gabigol","tag-perder","tag-pronuncia"],"_links":{"self":[{"href":"https:\/\/tvfloridausa.com\/inscreva-se\/wp-json\/wp\/v2\/posts\/5993","targetHints":{"allow":["GET"]}}],"collection":[{"href":"https:\/\/tvfloridausa.com\/inscreva-se\/wp-json\/wp\/v2\/posts"}],"about":[{"href":"https:\/\/tvfloridausa.com\/inscreva-se\/wp-json\/wp\/v2\/types\/post"}],"author":[{"embeddable":true,"href":"https:\/\/tvfloridausa.com\/inscreva-se\/wp-json\/wp\/v2\/users\/1"}],"replies":[{"embeddable":true,"href":"https:\/\/tvfloridausa.com\/inscreva-se\/wp-json\/wp\/v2\/comments?post=5993"}],"version-history":[{"count":1,"href":"https:\/\/tvfloridausa.com\/inscreva-se\/wp-json\/wp\/v2\/posts\/5993\/revisions"}],"predecessor-version":[{"id":5995,"href":"https:\/\/tvfloridausa.com\/inscreva-se\/wp-json\/wp\/v2\/posts\/5993\/revisions\/5995"}],"wp:featuredmedia":[{"embeddable":true,"href":"https:\/\/tvfloridausa.com\/inscreva-se\/wp-json\/wp\/v2\/media\/5994"}],"wp:attachment":[{"href":"https:\/\/tvfloridausa.com\/inscreva-se\/wp-json\/wp\/v2\/media?parent=5993"}],"wp:term":[{"taxonomy":"category","embeddable":true,"href":"https:\/\/tvfloridausa.com\/inscreva-se\/wp-json\/wp\/v2\/categories?post=5993"},{"taxonomy":"post_tag","embeddable":true,"href":"https:\/\/tvfloridausa.com\/inscreva-se\/wp-json\/wp\/v2\/tags?post=5993"}],"curies":[{"name":"wp","href":"https:\/\/api.w.org\/{rel}","templated":true}]}}