{"id":5987,"date":"2024-05-17T23:42:47","date_gmt":"2024-05-17T23:42:47","guid":{"rendered":"https:\/\/tvfloridausa.com\/inscreva-se\/2024\/05\/17\/policiais-que-escoltaram-16-toneladas-de-maconha-e-entregaram-a-traficantes-do-comando-vermelho-foram-presos\/"},"modified":"2024-05-17T23:47:03","modified_gmt":"2024-05-17T23:47:03","slug":"policiais-que-escoltaram-16-toneladas-de-maconha-e-entregaram-a-traficantes-do-comando-vermelho-foram-presos","status":"publish","type":"post","link":"https:\/\/tvfloridausa.com\/inscreva-se\/2024\/05\/17\/policiais-que-escoltaram-16-toneladas-de-maconha-e-entregaram-a-traficantes-do-comando-vermelho-foram-presos\/","title":{"rendered":"Policiais que escoltaram 16 toneladas de maconha e entregaram a traficantes do Comando Vermelho foram presos"},"content":{"rendered":"<p> <br \/>\n<\/p>\n<div>\n<p><em>foto: Reprodu\u00e7\u00e3o <\/em><\/p>\n<p>A Pol\u00edcia Federal (PF) prendeu no Rio de Janeiro, entre domingo (12\/5) e quarta-feira (14\/5), um policial militar, um policial civil e um advogado por tr\u00e1fico de drogas e corrup\u00e7\u00e3o, no \u00e2mbito da Opera\u00e7\u00e3o Cors\u00e1rio. A a\u00e7\u00e3o visa desarticular um grupo criminoso composto por policiais e advogados respons\u00e1veis pelo desvio e comercializa\u00e7\u00e3o de entorpecentes.<\/p>\n<p>Esta opera\u00e7\u00e3o \u00e9 uma continua\u00e7\u00e3o da Opera\u00e7\u00e3o Drake, deflagrada em outubro de 2023, que resultou na pris\u00e3o de quatro policiais civis e um advogado. Naquela ocasi\u00e3o, uma carreta carregada com cerca de 16 toneladas de maconha foi interceptada.<\/p>\n<h3 class=\"wp-block-heading\">Presos na opera\u00e7\u00e3o:<\/h3>\n<ul>\n<li><strong>Alexandre Barbosa da Costa Amazonas<\/strong>, ex-agente da Delegacia de Roubos e Furtos de Cargas (DRFC), preso em outubro;<\/li>\n<li><strong>Deyvid Eug\u00eanio Leite da Silveira<\/strong>, ex-agente da DRFC, preso esta semana;<\/li>\n<li><strong>Eduardo Macedo de Carvalho<\/strong>, ex-agente da DRFC, preso em outubro;<\/li>\n<li><strong>Jackson Cruz da Fonseca<\/strong>, advogado, preso esta semana;<\/li>\n<li><strong>Juan Felipe Alves da Silva<\/strong>, ex-chefe do setor de investiga\u00e7\u00f5es da DRFC, preso em outubro;<\/li>\n<li><strong>La\u00e9rcio Gon\u00e7alves de Souza Filho<\/strong>, policial militar, preso esta semana;<\/li>\n<li><strong>Leonardo Sylvestre da Cruz Galv\u00e3o<\/strong>, advogado, preso em outubro;<\/li>\n<li><strong>Renan Macedo Guimar\u00e3es<\/strong>, ex-agente da DRFC, preso em outubro.<\/li>\n<\/ul>\n<h3 class=\"wp-block-heading\">Contexto<\/h3>\n<p>Em outubro do ano passado, a Pol\u00edcia Federal (PF), em conjunto com o Minist\u00e9rio P\u00fablico do Rio de Janeiro (MPRJ), prendeu quatro policiais civis e um advogado por corrup\u00e7\u00e3o e tr\u00e1fico. Os servidores tinham liga\u00e7\u00f5es com a fac\u00e7\u00e3o criminosa carioca Comando Vermelho (CV). Cerca de 50 policiais federais cumpriram cinco mandados de pris\u00e3o preventiva e seis de busca e apreens\u00e3o, expedidos pela 1\u00aa Vara Criminal da Comarca de Resende (TJRJ).<\/p>\n<h3 class=\"wp-block-heading\">Investiga\u00e7\u00e3o e opera\u00e7\u00e3o<\/h3>\n<p>A investiga\u00e7\u00e3o come\u00e7ou com uma a\u00e7\u00e3o integrada do servi\u00e7o de intelig\u00eancia da Pol\u00edcia Rodovi\u00e1ria Federal (PRF) e da PF, que monitorou um ve\u00edculo suspeito. Duas viaturas ostensivas da Delegacia de Roubos e Furtos de Cargas da PCERJ abordaram um caminh\u00e3o carregado com 16 toneladas de maconha na divisa de S\u00e3o Paulo com o Rio de Janeiro.<\/p>\n<p>Os policiais civis, ap\u00f3s escoltar o caminh\u00e3o at\u00e9 a Cidade da Pol\u00edcia Civil, negociaram, atrav\u00e9s de um advogado, a libera\u00e7\u00e3o da carga de entorpecentes e a soltura do motorista em troca de propina. Ap\u00f3s o acordo, tr\u00eas viaturas da DRFC escoltaram o caminh\u00e3o at\u00e9 os acessos de Manguinhos, uma comunidade vinculada ao Comando Vermelho. A carga de maconha foi ent\u00e3o descarregada pelos criminosos.<\/p>\n<\/div>\n<p><br \/>\n<br \/><a href=\"https:\/\/terrabrasilnoticias.com\/2024\/05\/policiais-que-escoltaram-16-toneladas-de-maconha-e-entregaram-a-traficantes-do-comando-vermelho-foram-presos\/\">Source link <\/a><\/p>\n","protected":false},"excerpt":{"rendered":"<p>foto: Reprodu\u00e7\u00e3o A Pol\u00edcia Federal (PF) prendeu no Rio de Janeiro, entre domingo (12\/5) e quarta-feira (14\/5), um policial militar, um policial civil e um advogado por tr\u00e1fico de drogas e corrup\u00e7\u00e3o, no \u00e2mbito da Opera\u00e7\u00e3o Cors\u00e1rio. A a\u00e7\u00e3o visa desarticular um grupo criminoso composto por policiais e advogados respons\u00e1veis pelo desvio e comercializa\u00e7\u00e3o de [&hellip;]<\/p>\n","protected":false},"author":1,"featured_media":5988,"comment_status":"open","ping_status":"open","sticky":false,"template":"","format":"standard","meta":{"footnotes":""},"categories":[1],"tags":[1954,5783,5782,4028,1830,1015,6,5565,932,23],"class_list":["post-5987","post","type-post","status-publish","format-standard","has-post-thumbnail","hentry","category-uncategorized","tag-comando","tag-entregaram","tag-escoltaram","tag-foram","tag-maconha","tag-policiais","tag-presos","tag-toneladas","tag-traficantes","tag-vermelho"],"_links":{"self":[{"href":"https:\/\/tvfloridausa.com\/inscreva-se\/wp-json\/wp\/v2\/posts\/5987","targetHints":{"allow":["GET"]}}],"collection":[{"href":"https:\/\/tvfloridausa.com\/inscreva-se\/wp-json\/wp\/v2\/posts"}],"about":[{"href":"https:\/\/tvfloridausa.com\/inscreva-se\/wp-json\/wp\/v2\/types\/post"}],"author":[{"embeddable":true,"href":"https:\/\/tvfloridausa.com\/inscreva-se\/wp-json\/wp\/v2\/users\/1"}],"replies":[{"embeddable":true,"href":"https:\/\/tvfloridausa.com\/inscreva-se\/wp-json\/wp\/v2\/comments?post=5987"}],"version-history":[{"count":1,"href":"https:\/\/tvfloridausa.com\/inscreva-se\/wp-json\/wp\/v2\/posts\/5987\/revisions"}],"predecessor-version":[{"id":5989,"href":"https:\/\/tvfloridausa.com\/inscreva-se\/wp-json\/wp\/v2\/posts\/5987\/revisions\/5989"}],"wp:featuredmedia":[{"embeddable":true,"href":"https:\/\/tvfloridausa.com\/inscreva-se\/wp-json\/wp\/v2\/media\/5988"}],"wp:attachment":[{"href":"https:\/\/tvfloridausa.com\/inscreva-se\/wp-json\/wp\/v2\/media?parent=5987"}],"wp:term":[{"taxonomy":"category","embeddable":true,"href":"https:\/\/tvfloridausa.com\/inscreva-se\/wp-json\/wp\/v2\/categories?post=5987"},{"taxonomy":"post_tag","embeddable":true,"href":"https:\/\/tvfloridausa.com\/inscreva-se\/wp-json\/wp\/v2\/tags?post=5987"}],"curies":[{"name":"wp","href":"https:\/\/api.w.org\/{rel}","templated":true}]}}